{"id":901,"date":"2017-11-16T12:32:00","date_gmt":"2017-11-16T12:32:00","guid":{"rendered":"https:\/\/www.palaciorealtestamentario.es\/2017\/11\/16\/paseo-nocturno-por-palacio\/"},"modified":"2018-06-01T09:00:21","modified_gmt":"2018-06-01T09:00:21","slug":"paseo-nocturno-por-palacio","status":"publish","type":"post","link":"https:\/\/www.palaciorealtestamentario.es\/fr\/2017\/11\/16\/paseo-nocturno-por-palacio\/","title":{"rendered":"\u201cPASEO\u201d NOCTURNO POR PALACIO&#8230;"},"content":{"rendered":"<p><strong><span style=\"color: #800000;\">\u00a1AP\u00daNTATE YA! <\/span><\/strong><em><span style=\"color: #800000;\">S\u00e1bado 25 de noviembre a las 19:30 h.<\/span><\/em><\/p>\n<p><img loading=\"lazy\" decoding=\"async\" class=\"size-medium wp-image-842 alignleft\" src=\"https:\/\/www.palaciorealtestamentario.es\/wp-content\/uploads\/2017\/11\/Visita-Nocturna-Palacio-26Nov2015-2-300x168.jpg\" alt=\"\" width=\"300\" height=\"168\" srcset=\"https:\/\/www.palaciorealtestamentario.es\/wp-content\/uploads\/2017\/11\/Visita-Nocturna-Palacio-26Nov2015-2-300x168.jpg 300w, https:\/\/www.palaciorealtestamentario.es\/wp-content\/uploads\/2017\/11\/Visita-Nocturna-Palacio-26Nov2015-2-768x431.jpg 768w, https:\/\/www.palaciorealtestamentario.es\/wp-content\/uploads\/2017\/11\/Visita-Nocturna-Palacio-26Nov2015-2.jpg 960w\" sizes=\"(max-width: 300px) 100vw, 300px\" \/>\u00bfSer\u00e1s un mero visitante o te poseer\u00e1 el \u201cesp\u00edritu\u201d de alguno de los moradores de este palacio? Descubre la cara m\u00e1s oculta del Palacio Real Testamentario. La noche es el momento propicio para dar rienda suelta a la imaginaci\u00f3n, para contar secretos nunca antes escuchados, para revivir momentos lejanos en el tiempo\u2026<\/p>\n<p>Los muros de este Palacio conocen mucho de eso y creemos que es el momento de darlo a conocer a todos en una noche especial: la v\u00edspera del fallecimiento de la reina de Castilla.<\/p>\n<ul>\n<li><strong>Fecha<\/strong>: s\u00e1bado 25 de noviembre de 2017.<\/li>\n<li><strong>Hor<\/strong><strong>a<\/strong>: 19:30 h.<\/li>\n<li><strong>Lugar<\/strong>: Palacio Real Testamentario.<\/li>\n<li><strong>Tarifa<\/strong>: 4,00\u20ac\/persona.<\/li>\n<li><strong>Observaciones<\/strong>: <strong>R<\/strong><strong>eserva previa<\/strong> (plazo de inscripci\u00f3n del 10 al 25 de noviembre). Grupo m\u00ednimo de 10 personas y m\u00e1ximo de 25 personas.<\/li>\n<\/ul>\n<p><strong>\u00a0<\/strong><\/p>\n","protected":false},"excerpt":{"rendered":"<p>\u00a1AP\u00daNTATE YA! S\u00e1bado 25 de noviembre a las 19:30 h. \u00bfSer\u00e1s un mero visitante o te poseer\u00e1 el \u201cesp\u00edritu\u201d de alguno de los moradores de este palacio? Descubre la cara m\u00e1s oculta del Palacio Real Testamentario. La noche es el momento propicio para dar rienda suelta a la imaginaci\u00f3n, para contar secretos nunca antes escuchados, [&hellip;]<\/p>\n","protected":false},"author":2,"featured_media":842,"comment_status":"closed","ping_status":"open","sticky":false,"template":"","format":"standard","meta":{"_et_pb_use_builder":"","_et_pb_old_content":"","_et_gb_content_width":"","footnotes":""},"categories":[15],"tags":[],"class_list":["post-901","post","type-post","status-publish","format-standard","has-post-thumbnail","hentry","category-noticias-y-actividades-fr"],"yoast_head":"<!-- This site is optimized with the Yoast SEO plugin v27.4 - https:\/\/yoast.com\/product\/yoast-seo-wordpress\/ -->\n<title>\u201cPASEO\u201d NOCTURNO POR PALACIO... - Palacio Real Testamentario<\/title>\n<meta name=\"robots\" content=\"index, follow, max-snippet:-1, max-image-preview:large, max-video-preview:-1\" \/>\n<link rel=\"canonical\" href=\"https:\/\/www.palaciorealtestamentario.es\/2017\/11\/16\/paseo-nocturno-por-palacio\/\" \/>\n<meta property=\"og:locale\" content=\"fr_FR\" \/>\n<meta property=\"og:type\" content=\"article\" \/>\n<meta property=\"og:title\" content=\"\u201cPASEO\u201d NOCTURNO POR PALACIO... - Palacio Real Testamentario\" \/>\n<meta property=\"og:description\" content=\"\u00a1AP\u00daNTATE YA! S\u00e1bado 25 de noviembre a las 19:30 h. \u00bfSer\u00e1s un mero visitante o te poseer\u00e1 el \u201cesp\u00edritu\u201d de alguno de los moradores de este palacio? Descubre la cara m\u00e1s oculta del Palacio Real Testamentario. La noche es el momento propicio para dar rienda suelta a la imaginaci\u00f3n, para contar secretos nunca antes escuchados, [&hellip;]\" \/>\n<meta property=\"og:url\" content=\"https:\/\/www.palaciorealtestamentario.es\/2017\/11\/16\/paseo-nocturno-por-palacio\/\" \/>\n<meta property=\"og:site_name\" content=\"Palacio Real Testamentario\" \/>\n<meta property=\"article:publisher\" content=\"https:\/\/www.facebook.com\/PalacioYsabel\/\" \/>\n<meta property=\"article:published_time\" content=\"2017-11-16T12:32:00+00:00\" \/>\n<meta property=\"article:modified_time\" content=\"2018-06-01T09:00:21+00:00\" \/>\n<meta property=\"og:image\" content=\"https:\/\/www.palaciorealtestamentario.es\/wp-content\/uploads\/2017\/11\/Visita-Nocturna-Palacio-26Nov2015-2.jpg\" \/>\n\t<meta property=\"og:image:width\" content=\"960\" \/>\n\t<meta property=\"og:image:height\" content=\"539\" \/>\n\t<meta property=\"og:image:type\" content=\"image\/jpeg\" \/>\n<meta name=\"author\" content=\"astermagonia\" \/>\n<meta name=\"twitter:card\" content=\"summary_large_image\" \/>\n<meta name=\"twitter:creator\" content=\"@PalacioYsabel\" \/>\n<meta name=\"twitter:site\" content=\"@PalacioYsabel\" \/>\n<meta name=\"twitter:label1\" content=\"\u00c9crit par\" \/>\n\t<meta name=\"twitter:data1\" content=\"astermagonia\" \/>\n\t<meta name=\"twitter:label2\" content=\"Dur\u00e9e de lecture estim\u00e9e\" \/>\n\t<meta name=\"twitter:data2\" content=\"1 minute\" \/>\n<script type=\"application\/ld+json\" class=\"yoast-schema-graph\">{\"@context\":\"https:\\\/\\\/schema.org\",\"@graph\":[{\"@type\":\"Article\",\"@id\":\"https:\\\/\\\/www.palaciorealtestamentario.es\\\/2017\\\/11\\\/16\\\/paseo-nocturno-por-palacio\\\/#article\",\"isPartOf\":{\"@id\":\"https:\\\/\\\/www.palaciorealtestamentario.es\\\/2017\\\/11\\\/16\\\/paseo-nocturno-por-palacio\\\/\"},\"author\":{\"name\":\"astermagonia\",\"@id\":\"https:\\\/\\\/www.palaciorealtestamentario.es\\\/#\\\/schema\\\/person\\\/697c35ccde674ff10734602c543fb25f\"},\"headline\":\"\u201cPASEO\u201d NOCTURNO POR PALACIO&#8230;\",\"datePublished\":\"2017-11-16T12:32:00+00:00\",\"dateModified\":\"2018-06-01T09:00:21+00:00\",\"mainEntityOfPage\":{\"@id\":\"https:\\\/\\\/www.palaciorealtestamentario.es\\\/2017\\\/11\\\/16\\\/paseo-nocturno-por-palacio\\\/\"},\"wordCount\":142,\"publisher\":{\"@id\":\"https:\\\/\\\/www.palaciorealtestamentario.es\\\/#organization\"},\"image\":{\"@id\":\"https:\\\/\\\/www.palaciorealtestamentario.es\\\/2017\\\/11\\\/16\\\/paseo-nocturno-por-palacio\\\/#primaryimage\"},\"thumbnailUrl\":\"https:\\\/\\\/www.palaciorealtestamentario.es\\\/wp-content\\\/uploads\\\/2017\\\/11\\\/Visita-Nocturna-Palacio-26Nov2015-2.jpg\",\"articleSection\":[\"Noticias y Actividades\"],\"inLanguage\":\"fr-FR\"},{\"@type\":\"WebPage\",\"@id\":\"https:\\\/\\\/www.palaciorealtestamentario.es\\\/2017\\\/11\\\/16\\\/paseo-nocturno-por-palacio\\\/\",\"url\":\"https:\\\/\\\/www.palaciorealtestamentario.es\\\/2017\\\/11\\\/16\\\/paseo-nocturno-por-palacio\\\/\",\"name\":\"\u201cPASEO\u201d NOCTURNO POR PALACIO... - Palacio Real Testamentario\",\"isPartOf\":{\"@id\":\"https:\\\/\\\/www.palaciorealtestamentario.es\\\/#website\"},\"primaryImageOfPage\":{\"@id\":\"https:\\\/\\\/www.palaciorealtestamentario.es\\\/2017\\\/11\\\/16\\\/paseo-nocturno-por-palacio\\\/#primaryimage\"},\"image\":{\"@id\":\"https:\\\/\\\/www.palaciorealtestamentario.es\\\/2017\\\/11\\\/16\\\/paseo-nocturno-por-palacio\\\/#primaryimage\"},\"thumbnailUrl\":\"https:\\\/\\\/www.palaciorealtestamentario.es\\\/wp-content\\\/uploads\\\/2017\\\/11\\\/Visita-Nocturna-Palacio-26Nov2015-2.jpg\",\"datePublished\":\"2017-11-16T12:32:00+00:00\",\"dateModified\":\"2018-06-01T09:00:21+00:00\",\"breadcrumb\":{\"@id\":\"https:\\\/\\\/www.palaciorealtestamentario.es\\\/2017\\\/11\\\/16\\\/paseo-nocturno-por-palacio\\\/#breadcrumb\"},\"inLanguage\":\"fr-FR\",\"potentialAction\":[{\"@type\":\"ReadAction\",\"target\":[\"https:\\\/\\\/www.palaciorealtestamentario.es\\\/2017\\\/11\\\/16\\\/paseo-nocturno-por-palacio\\\/\"]}]},{\"@type\":\"ImageObject\",\"inLanguage\":\"fr-FR\",\"@id\":\"https:\\\/\\\/www.palaciorealtestamentario.es\\\/2017\\\/11\\\/16\\\/paseo-nocturno-por-palacio\\\/#primaryimage\",\"url\":\"https:\\\/\\\/www.palaciorealtestamentario.es\\\/wp-content\\\/uploads\\\/2017\\\/11\\\/Visita-Nocturna-Palacio-26Nov2015-2.jpg\",\"contentUrl\":\"https:\\\/\\\/www.palaciorealtestamentario.es\\\/wp-content\\\/uploads\\\/2017\\\/11\\\/Visita-Nocturna-Palacio-26Nov2015-2.jpg\",\"width\":960,\"height\":539},{\"@type\":\"BreadcrumbList\",\"@id\":\"https:\\\/\\\/www.palaciorealtestamentario.es\\\/2017\\\/11\\\/16\\\/paseo-nocturno-por-palacio\\\/#breadcrumb\",\"itemListElement\":[{\"@type\":\"ListItem\",\"position\":1,\"name\":\"Portada\",\"item\":\"https:\\\/\\\/www.palaciorealtestamentario.es\\\/fr\\\/\"},{\"@type\":\"ListItem\",\"position\":2,\"name\":\"\u201cPASEO\u201d NOCTURNO POR PALACIO&#8230;\"}]},{\"@type\":\"WebSite\",\"@id\":\"https:\\\/\\\/www.palaciorealtestamentario.es\\\/#website\",\"url\":\"https:\\\/\\\/www.palaciorealtestamentario.es\\\/\",\"name\":\"Palacio Real Testamentario\",\"description\":\"Palacio Real Testamentario de Isabel la Catolica\",\"publisher\":{\"@id\":\"https:\\\/\\\/www.palaciorealtestamentario.es\\\/#organization\"},\"potentialAction\":[{\"@type\":\"SearchAction\",\"target\":{\"@type\":\"EntryPoint\",\"urlTemplate\":\"https:\\\/\\\/www.palaciorealtestamentario.es\\\/?s={search_term_string}\"},\"query-input\":{\"@type\":\"PropertyValueSpecification\",\"valueRequired\":true,\"valueName\":\"search_term_string\"}}],\"inLanguage\":\"fr-FR\"},{\"@type\":\"Organization\",\"@id\":\"https:\\\/\\\/www.palaciorealtestamentario.es\\\/#organization\",\"name\":\"Palacio Real Testamentario\",\"url\":\"https:\\\/\\\/www.palaciorealtestamentario.es\\\/\",\"logo\":{\"@type\":\"ImageObject\",\"inLanguage\":\"fr-FR\",\"@id\":\"https:\\\/\\\/www.palaciorealtestamentario.es\\\/#\\\/schema\\\/logo\\\/image\\\/\",\"url\":\"https:\\\/\\\/www.palaciorealtestamentario.es\\\/wp-content\\\/uploads\\\/2017\\\/08\\\/logowebpalacio.png\",\"contentUrl\":\"https:\\\/\\\/www.palaciorealtestamentario.es\\\/wp-content\\\/uploads\\\/2017\\\/08\\\/logowebpalacio.png\",\"width\":1024,\"height\":117,\"caption\":\"Palacio Real Testamentario\"},\"image\":{\"@id\":\"https:\\\/\\\/www.palaciorealtestamentario.es\\\/#\\\/schema\\\/logo\\\/image\\\/\"},\"sameAs\":[\"https:\\\/\\\/www.facebook.com\\\/PalacioYsabel\\\/\",\"https:\\\/\\\/x.com\\\/PalacioYsabel\",\"https:\\\/\\\/www.instagram.com\\\/palacio_ysabel\\\/?hl=es\"]},{\"@type\":\"Person\",\"@id\":\"https:\\\/\\\/www.palaciorealtestamentario.es\\\/#\\\/schema\\\/person\\\/697c35ccde674ff10734602c543fb25f\",\"name\":\"astermagonia\",\"image\":{\"@type\":\"ImageObject\",\"inLanguage\":\"fr-FR\",\"@id\":\"https:\\\/\\\/secure.gravatar.com\\\/avatar\\\/a63b7c6e7d4d0b46a04dd459f1421dcbb43b5c5b4826eefc86d06277302a58f8?s=96&d=mm&r=g\",\"url\":\"https:\\\/\\\/secure.gravatar.com\\\/avatar\\\/a63b7c6e7d4d0b46a04dd459f1421dcbb43b5c5b4826eefc86d06277302a58f8?s=96&d=mm&r=g\",\"contentUrl\":\"https:\\\/\\\/secure.gravatar.com\\\/avatar\\\/a63b7c6e7d4d0b46a04dd459f1421dcbb43b5c5b4826eefc86d06277302a58f8?s=96&d=mm&r=g\",\"caption\":\"astermagonia\"},\"url\":\"https:\\\/\\\/www.palaciorealtestamentario.es\\\/fr\\\/author\\\/astermagonia\\\/\"}]}<\/script>\n<!-- \/ Yoast SEO plugin. -->","yoast_head_json":{"title":"\u201cPASEO\u201d NOCTURNO POR PALACIO... - Palacio Real Testamentario","robots":{"index":"index","follow":"follow","max-snippet":"max-snippet:-1","max-image-preview":"max-image-preview:large","max-video-preview":"max-video-preview:-1"},"canonical":"https:\/\/www.palaciorealtestamentario.es\/2017\/11\/16\/paseo-nocturno-por-palacio\/","og_locale":"fr_FR","og_type":"article","og_title":"\u201cPASEO\u201d NOCTURNO POR PALACIO... - Palacio Real Testamentario","og_description":"\u00a1AP\u00daNTATE YA! S\u00e1bado 25 de noviembre a las 19:30 h. \u00bfSer\u00e1s un mero visitante o te poseer\u00e1 el \u201cesp\u00edritu\u201d de alguno de los moradores de este palacio? Descubre la cara m\u00e1s oculta del Palacio Real Testamentario. La noche es el momento propicio para dar rienda suelta a la imaginaci\u00f3n, para contar secretos nunca antes escuchados, [&hellip;]","og_url":"https:\/\/www.palaciorealtestamentario.es\/2017\/11\/16\/paseo-nocturno-por-palacio\/","og_site_name":"Palacio Real Testamentario","article_publisher":"https:\/\/www.facebook.com\/PalacioYsabel\/","article_published_time":"2017-11-16T12:32:00+00:00","article_modified_time":"2018-06-01T09:00:21+00:00","og_image":[{"width":960,"height":539,"url":"https:\/\/www.palaciorealtestamentario.es\/wp-content\/uploads\/2017\/11\/Visita-Nocturna-Palacio-26Nov2015-2.jpg","type":"image\/jpeg"}],"author":"astermagonia","twitter_card":"summary_large_image","twitter_creator":"@PalacioYsabel","twitter_site":"@PalacioYsabel","twitter_misc":{"\u00c9crit par":"astermagonia","Dur\u00e9e de lecture estim\u00e9e":"1 minute"},"schema":{"@context":"https:\/\/schema.org","@graph":[{"@type":"Article","@id":"https:\/\/www.palaciorealtestamentario.es\/2017\/11\/16\/paseo-nocturno-por-palacio\/#article","isPartOf":{"@id":"https:\/\/www.palaciorealtestamentario.es\/2017\/11\/16\/paseo-nocturno-por-palacio\/"},"author":{"name":"astermagonia","@id":"https:\/\/www.palaciorealtestamentario.es\/#\/schema\/person\/697c35ccde674ff10734602c543fb25f"},"headline":"\u201cPASEO\u201d NOCTURNO POR PALACIO&#8230;","datePublished":"2017-11-16T12:32:00+00:00","dateModified":"2018-06-01T09:00:21+00:00","mainEntityOfPage":{"@id":"https:\/\/www.palaciorealtestamentario.es\/2017\/11\/16\/paseo-nocturno-por-palacio\/"},"wordCount":142,"publisher":{"@id":"https:\/\/www.palaciorealtestamentario.es\/#organization"},"image":{"@id":"https:\/\/www.palaciorealtestamentario.es\/2017\/11\/16\/paseo-nocturno-por-palacio\/#primaryimage"},"thumbnailUrl":"https:\/\/www.palaciorealtestamentario.es\/wp-content\/uploads\/2017\/11\/Visita-Nocturna-Palacio-26Nov2015-2.jpg","articleSection":["Noticias y Actividades"],"inLanguage":"fr-FR"},{"@type":"WebPage","@id":"https:\/\/www.palaciorealtestamentario.es\/2017\/11\/16\/paseo-nocturno-por-palacio\/","url":"https:\/\/www.palaciorealtestamentario.es\/2017\/11\/16\/paseo-nocturno-por-palacio\/","name":"\u201cPASEO\u201d NOCTURNO POR PALACIO... - Palacio Real Testamentario","isPartOf":{"@id":"https:\/\/www.palaciorealtestamentario.es\/#website"},"primaryImageOfPage":{"@id":"https:\/\/www.palaciorealtestamentario.es\/2017\/11\/16\/paseo-nocturno-por-palacio\/#primaryimage"},"image":{"@id":"https:\/\/www.palaciorealtestamentario.es\/2017\/11\/16\/paseo-nocturno-por-palacio\/#primaryimage"},"thumbnailUrl":"https:\/\/www.palaciorealtestamentario.es\/wp-content\/uploads\/2017\/11\/Visita-Nocturna-Palacio-26Nov2015-2.jpg","datePublished":"2017-11-16T12:32:00+00:00","dateModified":"2018-06-01T09:00:21+00:00","breadcrumb":{"@id":"https:\/\/www.palaciorealtestamentario.es\/2017\/11\/16\/paseo-nocturno-por-palacio\/#breadcrumb"},"inLanguage":"fr-FR","potentialAction":[{"@type":"ReadAction","target":["https:\/\/www.palaciorealtestamentario.es\/2017\/11\/16\/paseo-nocturno-por-palacio\/"]}]},{"@type":"ImageObject","inLanguage":"fr-FR","@id":"https:\/\/www.palaciorealtestamentario.es\/2017\/11\/16\/paseo-nocturno-por-palacio\/#primaryimage","url":"https:\/\/www.palaciorealtestamentario.es\/wp-content\/uploads\/2017\/11\/Visita-Nocturna-Palacio-26Nov2015-2.jpg","contentUrl":"https:\/\/www.palaciorealtestamentario.es\/wp-content\/uploads\/2017\/11\/Visita-Nocturna-Palacio-26Nov2015-2.jpg","width":960,"height":539},{"@type":"BreadcrumbList","@id":"https:\/\/www.palaciorealtestamentario.es\/2017\/11\/16\/paseo-nocturno-por-palacio\/#breadcrumb","itemListElement":[{"@type":"ListItem","position":1,"name":"Portada","item":"https:\/\/www.palaciorealtestamentario.es\/fr\/"},{"@type":"ListItem","position":2,"name":"\u201cPASEO\u201d NOCTURNO POR PALACIO&#8230;"}]},{"@type":"WebSite","@id":"https:\/\/www.palaciorealtestamentario.es\/#website","url":"https:\/\/www.palaciorealtestamentario.es\/","name":"Palacio Real Testamentario","description":"Palacio Real Testamentario de Isabel la Catolica","publisher":{"@id":"https:\/\/www.palaciorealtestamentario.es\/#organization"},"potentialAction":[{"@type":"SearchAction","target":{"@type":"EntryPoint","urlTemplate":"https:\/\/www.palaciorealtestamentario.es\/?s={search_term_string}"},"query-input":{"@type":"PropertyValueSpecification","valueRequired":true,"valueName":"search_term_string"}}],"inLanguage":"fr-FR"},{"@type":"Organization","@id":"https:\/\/www.palaciorealtestamentario.es\/#organization","name":"Palacio Real Testamentario","url":"https:\/\/www.palaciorealtestamentario.es\/","logo":{"@type":"ImageObject","inLanguage":"fr-FR","@id":"https:\/\/www.palaciorealtestamentario.es\/#\/schema\/logo\/image\/","url":"https:\/\/www.palaciorealtestamentario.es\/wp-content\/uploads\/2017\/08\/logowebpalacio.png","contentUrl":"https:\/\/www.palaciorealtestamentario.es\/wp-content\/uploads\/2017\/08\/logowebpalacio.png","width":1024,"height":117,"caption":"Palacio Real Testamentario"},"image":{"@id":"https:\/\/www.palaciorealtestamentario.es\/#\/schema\/logo\/image\/"},"sameAs":["https:\/\/www.facebook.com\/PalacioYsabel\/","https:\/\/x.com\/PalacioYsabel","https:\/\/www.instagram.com\/palacio_ysabel\/?hl=es"]},{"@type":"Person","@id":"https:\/\/www.palaciorealtestamentario.es\/#\/schema\/person\/697c35ccde674ff10734602c543fb25f","name":"astermagonia","image":{"@type":"ImageObject","inLanguage":"fr-FR","@id":"https:\/\/secure.gravatar.com\/avatar\/a63b7c6e7d4d0b46a04dd459f1421dcbb43b5c5b4826eefc86d06277302a58f8?s=96&d=mm&r=g","url":"https:\/\/secure.gravatar.com\/avatar\/a63b7c6e7d4d0b46a04dd459f1421dcbb43b5c5b4826eefc86d06277302a58f8?s=96&d=mm&r=g","contentUrl":"https:\/\/secure.gravatar.com\/avatar\/a63b7c6e7d4d0b46a04dd459f1421dcbb43b5c5b4826eefc86d06277302a58f8?s=96&d=mm&r=g","caption":"astermagonia"},"url":"https:\/\/www.palaciorealtestamentario.es\/fr\/author\/astermagonia\/"}]}},"_links":{"self":[{"href":"https:\/\/www.palaciorealtestamentario.es\/fr\/wp-json\/wp\/v2\/posts\/901","targetHints":{"allow":["GET"]}}],"collection":[{"href":"https:\/\/www.palaciorealtestamentario.es\/fr\/wp-json\/wp\/v2\/posts"}],"about":[{"href":"https:\/\/www.palaciorealtestamentario.es\/fr\/wp-json\/wp\/v2\/types\/post"}],"author":[{"embeddable":true,"href":"https:\/\/www.palaciorealtestamentario.es\/fr\/wp-json\/wp\/v2\/users\/2"}],"replies":[{"embeddable":true,"href":"https:\/\/www.palaciorealtestamentario.es\/fr\/wp-json\/wp\/v2\/comments?post=901"}],"version-history":[{"count":1,"href":"https:\/\/www.palaciorealtestamentario.es\/fr\/wp-json\/wp\/v2\/posts\/901\/revisions"}],"predecessor-version":[{"id":902,"href":"https:\/\/www.palaciorealtestamentario.es\/fr\/wp-json\/wp\/v2\/posts\/901\/revisions\/902"}],"wp:featuredmedia":[{"embeddable":true,"href":"https:\/\/www.palaciorealtestamentario.es\/fr\/wp-json\/wp\/v2\/media\/842"}],"wp:attachment":[{"href":"https:\/\/www.palaciorealtestamentario.es\/fr\/wp-json\/wp\/v2\/media?parent=901"}],"wp:term":[{"taxonomy":"category","embeddable":true,"href":"https:\/\/www.palaciorealtestamentario.es\/fr\/wp-json\/wp\/v2\/categories?post=901"},{"taxonomy":"post_tag","embeddable":true,"href":"https:\/\/www.palaciorealtestamentario.es\/fr\/wp-json\/wp\/v2\/tags?post=901"}],"curies":[{"name":"wp","href":"https:\/\/api.w.org\/{rel}","templated":true}]}}